{"id":1118,"date":"2020-03-11T13:53:24","date_gmt":"2020-03-11T12:53:24","guid":{"rendered":"https:\/\/abi-1968.de\/?p=1118"},"modified":"2021-04-17T11:42:49","modified_gmt":"2021-04-17T09:42:49","slug":"ehemaligentreffen-21-11-2020","status":"publish","type":"post","link":"https:\/\/abi-1968.de\/index.php\/2020\/03\/11\/ehemaligentreffen-21-11-2020\/","title":{"rendered":"Ehemaligentreffen 21.11.2020"},"content":{"rendered":"<p>Am 5.3. traf sich das Organisationsteam, bestehend aus Friedrich Bader, Hans-Peter Neffe und Horst Sch\u00fcllermann im Ratskeller Wiesbaden zur Beratung.<\/p>\n<p>Da am 19.9.2020 die 175 Jahr Feier der Gutenbergschule stattfindet, k\u00f6nnen wir uns, d.h. diejenigen, die daran teilnehmen wollen, anschlie\u00dfnd zu einem gem\u00fctlichen Umtrunk treffen. Unabh\u00e4ngig davon m\u00f6chten wir aber auch unsere urspr\u00fcnglich geplante Freier am 21.11.2020 durchf\u00fchren .<\/p>\n<h2>EINLADUNG:<\/h2>\n<p>Der Jahrgang 1968 trifft sich am 21.11.2020 um 18:00 Uhr wieder im <a href=\"https:\/\/goo.gl\/maps\/vCkF2vfVYPoSi6bP6\">Paulaner Wiesbaden, Wilhelmstra\u00dfe 60.<\/a><\/p>\n<p>Wie hoffen, da\u00df m\u00f6glichst viele daran teilnehmen k\u00f6nnen.<\/p>\n<p>Wir haben denselben Ort gew\u00e4hlt, da alle , die bereits da waren, ihn kennen und auf alle neu Hinzukommenden freuen wir uns.<\/p>\n<p>Das Organisationsteam gr\u00fc\u00dft alle und hofft auf zahlreiches Erscheinen.<\/p>\n<p>Horst Sch\u00fcllermann<\/p>\n","protected":false},"excerpt":{"rendered":"<p>Am 5.3. traf sich das Organisationsteam, bestehend aus Friedrich Bader, Hans-Peter Neffe und Horst Sch\u00fcllermann im Ratskeller Wiesbaden zur Beratung. Da am 19.9.2020 die 175 Jahr Feier der Gutenbergschule stattfindet, k\u00f6nnen wir uns, d.h. diejenigen, die daran teilnehmen wollen, anschlie\u00dfnd zu einem gem\u00fctlichen Umtrunk treffen. Unabh\u00e4ngig davon m\u00f6chten wir aber auch unsere urspr\u00fcnglich geplante Freier &hellip; <\/p>\n<p class=\"link-more\"><a href=\"https:\/\/abi-1968.de\/index.php\/2020\/03\/11\/ehemaligentreffen-21-11-2020\/\" class=\"more-link\"><span class=\"screen-reader-text\">\u201eEhemaligentreffen 21.11.2020\u201c <\/span>weiterlesen<\/a><\/p>\n","protected":false},"author":1,"featured_media":0,"comment_status":"open","ping_status":"open","sticky":false,"template":"","format":"standard","meta":{"_crdt_document":"","footnotes":""},"categories":[7],"tags":[15],"class_list":["post-1118","post","type-post","status-publish","format-standard","hentry","category-termine","tag-ehemaligentreffen"],"_links":{"self":[{"href":"https:\/\/abi-1968.de\/index.php\/wp-json\/wp\/v2\/posts\/1118","targetHints":{"allow":["GET"]}}],"collection":[{"href":"https:\/\/abi-1968.de\/index.php\/wp-json\/wp\/v2\/posts"}],"about":[{"href":"https:\/\/abi-1968.de\/index.php\/wp-json\/wp\/v2\/types\/post"}],"author":[{"embeddable":true,"href":"https:\/\/abi-1968.de\/index.php\/wp-json\/wp\/v2\/users\/1"}],"replies":[{"embeddable":true,"href":"https:\/\/abi-1968.de\/index.php\/wp-json\/wp\/v2\/comments?post=1118"}],"version-history":[{"count":4,"href":"https:\/\/abi-1968.de\/index.php\/wp-json\/wp\/v2\/posts\/1118\/revisions"}],"predecessor-version":[{"id":3007,"href":"https:\/\/abi-1968.de\/index.php\/wp-json\/wp\/v2\/posts\/1118\/revisions\/3007"}],"wp:attachment":[{"href":"https:\/\/abi-1968.de\/index.php\/wp-json\/wp\/v2\/media?parent=1118"}],"wp:term":[{"taxonomy":"category","embeddable":true,"href":"https:\/\/abi-1968.de\/index.php\/wp-json\/wp\/v2\/categories?post=1118"},{"taxonomy":"post_tag","embeddable":true,"href":"https:\/\/abi-1968.de\/index.php\/wp-json\/wp\/v2\/tags?post=1118"}],"curies":[{"name":"wp","href":"https:\/\/api.w.org\/{rel}","templated":true}]}}