{"id":1048,"date":"2020-02-07T20:12:13","date_gmt":"2020-02-07T19:12:13","guid":{"rendered":"https:\/\/abi-1968.de\/?p=1048"},"modified":"2021-04-17T11:44:45","modified_gmt":"2021-04-17T09:44:45","slug":"175-jahre-gutenbergschule","status":"publish","type":"post","link":"https:\/\/abi-1968.de\/index.php\/2020\/02\/07\/175-jahre-gutenbergschule\/","title":{"rendered":"175 Jahre Gutenbergschule"},"content":{"rendered":"<p>Die Gutenbergschule besteht seit 1845. Demnach blickt sie dieses Jahr auf ihr 175j\u00e4riges Bestehen zur\u00fcck. Aus diesem Anlass findet am<\/p>\n<p><strong>19.09.2020 um 15 Uhr<\/strong><\/p>\n<p>eine gro\u00dfe akademische Feier in der Lutherkirche statt mit anschlie\u00dfender gro\u00dfer Party auf dem Schulhof, Schulf\u00fchrungen, etc<\/p>\n<p>Hier suchen wir nun s\u00e4mtliche eruierbaren ehemaligen Mitsch\u00fcler und -Innen, um diese f\u00fcr dieses Event,\u00a0 zu dem man sich aus organisatorischen Gr\u00fcnden anmelden muss, einzuladen.<\/p>\n<p>Interessenten melden sich bei:<\/p>\n<p>Klaus Doesseler<br \/>\nKichstr.24<br \/>\n65239 Hochheim<br \/>\n06146 \u2013 1424<br \/>\n0179 \u2013 2174424<br \/>\nmail@partyprofis.de<\/p>\n","protected":false},"excerpt":{"rendered":"<p>Die Gutenbergschule besteht seit 1845. Demnach blickt sie dieses Jahr auf ihr 175j\u00e4riges Bestehen zur\u00fcck. Aus diesem Anlass findet am 19.09.2020 um 15 Uhr eine gro\u00dfe akademische Feier in der Lutherkirche statt mit anschlie\u00dfender gro\u00dfer Party auf dem Schulhof, Schulf\u00fchrungen, etc Hier suchen wir nun s\u00e4mtliche eruierbaren ehemaligen Mitsch\u00fcler und -Innen, um diese f\u00fcr dieses &hellip; <\/p>\n<p class=\"link-more\"><a href=\"https:\/\/abi-1968.de\/index.php\/2020\/02\/07\/175-jahre-gutenbergschule\/\" class=\"more-link\"><span class=\"screen-reader-text\">\u201e175 Jahre Gutenbergschule\u201c <\/span>weiterlesen<\/a><\/p>\n","protected":false},"author":1,"featured_media":0,"comment_status":"open","ping_status":"closed","sticky":false,"template":"","format":"standard","meta":{"_crdt_document":"","footnotes":""},"categories":[7],"tags":[11],"class_list":["post-1048","post","type-post","status-publish","format-standard","hentry","category-termine","tag-175-jahrfeier"],"_links":{"self":[{"href":"https:\/\/abi-1968.de\/index.php\/wp-json\/wp\/v2\/posts\/1048","targetHints":{"allow":["GET"]}}],"collection":[{"href":"https:\/\/abi-1968.de\/index.php\/wp-json\/wp\/v2\/posts"}],"about":[{"href":"https:\/\/abi-1968.de\/index.php\/wp-json\/wp\/v2\/types\/post"}],"author":[{"embeddable":true,"href":"https:\/\/abi-1968.de\/index.php\/wp-json\/wp\/v2\/users\/1"}],"replies":[{"embeddable":true,"href":"https:\/\/abi-1968.de\/index.php\/wp-json\/wp\/v2\/comments?post=1048"}],"version-history":[{"count":3,"href":"https:\/\/abi-1968.de\/index.php\/wp-json\/wp\/v2\/posts\/1048\/revisions"}],"predecessor-version":[{"id":3008,"href":"https:\/\/abi-1968.de\/index.php\/wp-json\/wp\/v2\/posts\/1048\/revisions\/3008"}],"wp:attachment":[{"href":"https:\/\/abi-1968.de\/index.php\/wp-json\/wp\/v2\/media?parent=1048"}],"wp:term":[{"taxonomy":"category","embeddable":true,"href":"https:\/\/abi-1968.de\/index.php\/wp-json\/wp\/v2\/categories?post=1048"},{"taxonomy":"post_tag","embeddable":true,"href":"https:\/\/abi-1968.de\/index.php\/wp-json\/wp\/v2\/tags?post=1048"}],"curies":[{"name":"wp","href":"https:\/\/api.w.org\/{rel}","templated":true}]}}